{"id":67,"date":"2015-12-20T12:44:47","date_gmt":"2015-12-20T11:44:47","guid":{"rendered":"http:\/\/www.kunsthaus-waeldchen.de\/cms\/?p=67"},"modified":"2015-12-21T21:09:05","modified_gmt":"2015-12-21T20:09:05","slug":"spielraeume-lernfelder","status":"publish","type":"post","link":"https:\/\/www.kunsthaus-waeldchen.de\/cms\/spielraeume-lernfelder\/","title":{"rendered":"Spielr\u00e4ume \/ Lernfelder"},"content":{"rendered":"<div id=\"pl-67\"  class=\"panel-layout\" ><div id=\"pg-67-0\"  class=\"panel-grid panel-no-style\" ><div id=\"pgc-67-0-0\"  class=\"panel-grid-cell\" ><div id=\"panel-67-0-0-0\" class=\"so-panel widget widget_sow-editor panel-first-child panel-last-child\" data-index=\"0\" ><div\n\t\t\t\n\t\t\tclass=\"so-widget-sow-editor so-widget-sow-editor-base\"\n\t\t\t\n\t\t>\n<div class=\"siteorigin-widget-tinymce textwidget\">\n\t<p>Die Grundlagen f\u00fcr Projekte unter dem gemeinsamen Titel Spielr\u00e4ume \/ Lernfelder wurden von Daniel Diestelkamp und Doroth\u00e9 R.Marzinzik im Sommer 2002 konzipiert und seither in zahlreichen Kindertagesst\u00e4tten und Grundschulen praktiziert und stetig weiterentwickelt.<\/p>\n<p>In dem Projektangebot f\u00fcr Kinder im Alter von drei bis zehn Jahren stehen die Freude am Entdecken kreativer Potenziale und neue Erfahrungen von Musik als Kommunikation und Gestaltungsm\u00f6glichkeit, sowie die fr\u00fche Erkennung und F\u00f6rderung von Begabungen im Mittelpunkt.<\/p>\n<p>Hier wird deutlich, dass kulturelle Partizipation von Kindern in einer von elektronischen Medien gepr\u00e4gten Welt m\u00f6glich ist und Grundlagen f\u00fcr eine neuartige, kreativ orientierte interkulturelle Identit\u00e4tsfindung schaffen kann.<\/p>\n<p>Im Zentrum des p\u00e4dagogischen Ansatzes steht die Entwicklung von disziplin\u00fcbergreifenden Wahrnehmungs- Gestaltungs-, Phantasie- und Sozialkompetenzen:<\/p>\n<ul>\n<li>Es wird improvisiert<br \/> im Spiel mit Instrumenten, mit der Stimme, - bis hin ins Liedsingen, im Tanz, im Gestalten von Dinginstallationen, im Wortspiel.<\/li>\n<li>Es geht um H\u00f6ren und Sehen<br \/> in der Verkn\u00fcpfung von visuellem und auditivem Erleben entstehen neue Gestaltungsr\u00e4ume.<\/li>\n<li>Alle machen mit<br \/> An erster Stelle steht das Erreichen jedes Kindes, danach folgt die spezielle F\u00f6rderung einzelner Kinder.<\/li>\n<li>Erzieherinnen und Erzieher, Lehrerinnen und Lehrer sind beteiligt<br \/> Sie arbeiten und \u00fcben mit den Kindern innerhalb des Projektes und werden gleichzeitig aus- und fortgebildet. Zus\u00e4tzlich werden Informationsabende und themenbezogene Aktionstage f\u00fcr Eltern angeboten.<\/li>\n<\/ul>\n<\/div>\n<\/div><\/div><\/div><\/div><\/div>","protected":false},"excerpt":{"rendered":"<p>Die Grundlagen f\u00fcr Projekte unter dem gemeinsamen Titel Spielr\u00e4ume \/ Lernfelder wurden von Daniel Diestelkamp und Doroth\u00e9 R.Marzinzik im Sommer 2002 konzipiert und seither in zahlreichen Kindertagesst\u00e4tten und Grundschulen praktiziert und stetig weiterentwickelt.In dem Projektangebot f\u00fcr Kinder im Alter von&#8230; <a href=\"https:\/\/www.kunsthaus-waeldchen.de\/cms\/spielraeume-lernfelder\/\" class=\"read-more\">mehr&#8230;<\/a><\/p>\n","protected":false},"author":1,"featured_media":132,"comment_status":"closed","ping_status":"open","sticky":false,"template":"","format":"standard","meta":{"ngg_post_thumbnail":0,"footnotes":""},"categories":[4],"tags":[],"_links":{"self":[{"href":"https:\/\/www.kunsthaus-waeldchen.de\/cms\/wp-json\/wp\/v2\/posts\/67"}],"collection":[{"href":"https:\/\/www.kunsthaus-waeldchen.de\/cms\/wp-json\/wp\/v2\/posts"}],"about":[{"href":"https:\/\/www.kunsthaus-waeldchen.de\/cms\/wp-json\/wp\/v2\/types\/post"}],"author":[{"embeddable":true,"href":"https:\/\/www.kunsthaus-waeldchen.de\/cms\/wp-json\/wp\/v2\/users\/1"}],"replies":[{"embeddable":true,"href":"https:\/\/www.kunsthaus-waeldchen.de\/cms\/wp-json\/wp\/v2\/comments?post=67"}],"version-history":[{"count":2,"href":"https:\/\/www.kunsthaus-waeldchen.de\/cms\/wp-json\/wp\/v2\/posts\/67\/revisions"}],"predecessor-version":[{"id":96,"href":"https:\/\/www.kunsthaus-waeldchen.de\/cms\/wp-json\/wp\/v2\/posts\/67\/revisions\/96"}],"wp:featuredmedia":[{"embeddable":true,"href":"https:\/\/www.kunsthaus-waeldchen.de\/cms\/wp-json\/wp\/v2\/media\/132"}],"wp:attachment":[{"href":"https:\/\/www.kunsthaus-waeldchen.de\/cms\/wp-json\/wp\/v2\/media?parent=67"}],"wp:term":[{"taxonomy":"category","embeddable":true,"href":"https:\/\/www.kunsthaus-waeldchen.de\/cms\/wp-json\/wp\/v2\/categories?post=67"},{"taxonomy":"post_tag","embeddable":true,"href":"https:\/\/www.kunsthaus-waeldchen.de\/cms\/wp-json\/wp\/v2\/tags?post=67"}],"curies":[{"name":"wp","href":"https:\/\/api.w.org\/{rel}","templated":true}]}}