{"id":65,"date":"2015-12-20T12:44:23","date_gmt":"2015-12-20T11:44:23","guid":{"rendered":"http:\/\/www.kunsthaus-waeldchen.de\/cms\/?p=65"},"modified":"2015-12-21T21:10:48","modified_gmt":"2015-12-21T20:10:48","slug":"jedem-kind-seine-kunst","status":"publish","type":"post","link":"https:\/\/www.kunsthaus-waeldchen.de\/cms\/jedem-kind-seine-kunst\/","title":{"rendered":"Jedem Kind seine Kunst"},"content":{"rendered":"<div id=\"pl-65\"  class=\"panel-layout\" ><div id=\"pg-65-0\"  class=\"panel-grid panel-no-style\" ><div id=\"pgc-65-0-0\"  class=\"panel-grid-cell\" ><div id=\"panel-65-0-0-0\" class=\"so-panel widget widget_sow-editor panel-first-child panel-last-child\" data-index=\"0\" ><div\n\t\t\t\n\t\t\tclass=\"so-widget-sow-editor so-widget-sow-editor-base\"\n\t\t\t\n\t\t>\n<div class=\"siteorigin-widget-tinymce textwidget\">\n\t<p>Innerhalb des Projektes <strong>Jedem Kind seine Kunst<\/strong>, das vom rheinland-pf\u00e4lzischen Ministerium f\u00fcr Bildung, Wissenschaft, Weiterbildung und Kultur halbj\u00e4hrlich ausgeschrieben wird, sind Daniel Diestelkamp und Doroth\u00e9 R.Marzinzik \u00fcber die K\u00fcnstlerdatei <a href=\"http:\/\/www.kulturland.rlp.de\" target=\"_blank\">www.kulturland.rlp.de<\/a> ab 2\/2016 f\u00fcr neue Projekte Spielr\u00e4ume\/Lernfelder, \u00c4sthetisch-Musikalische Grundbildung buchbar.<\/p>\n<\/div>\n<\/div><\/div><\/div><\/div><\/div>","protected":false},"excerpt":{"rendered":"<p>Innerhalb des Projektes Jedem Kind seine Kunst, das vom rheinland-pf\u00e4lzischen Ministerium f\u00fcr Bildung, Wissenschaft, Weiterbildung und Kultur halbj\u00e4hrlich ausgeschrieben wird, sind Daniel Diestelkamp und Doroth\u00e9 R.Marzinzik \u00fcber die K\u00fcnstlerdatei www.kulturland.rlp.de ab 2\/2016 f\u00fcr neue Projekte Spielr\u00e4ume\/Lernfelder, \u00c4sthetisch-Musikalische Grundbildung buchbar.<\/p>\n","protected":false},"author":1,"featured_media":133,"comment_status":"closed","ping_status":"open","sticky":false,"template":"","format":"standard","meta":{"ngg_post_thumbnail":0,"footnotes":""},"categories":[5],"tags":[],"_links":{"self":[{"href":"https:\/\/www.kunsthaus-waeldchen.de\/cms\/wp-json\/wp\/v2\/posts\/65"}],"collection":[{"href":"https:\/\/www.kunsthaus-waeldchen.de\/cms\/wp-json\/wp\/v2\/posts"}],"about":[{"href":"https:\/\/www.kunsthaus-waeldchen.de\/cms\/wp-json\/wp\/v2\/types\/post"}],"author":[{"embeddable":true,"href":"https:\/\/www.kunsthaus-waeldchen.de\/cms\/wp-json\/wp\/v2\/users\/1"}],"replies":[{"embeddable":true,"href":"https:\/\/www.kunsthaus-waeldchen.de\/cms\/wp-json\/wp\/v2\/comments?post=65"}],"version-history":[{"count":1,"href":"https:\/\/www.kunsthaus-waeldchen.de\/cms\/wp-json\/wp\/v2\/posts\/65\/revisions"}],"predecessor-version":[{"id":66,"href":"https:\/\/www.kunsthaus-waeldchen.de\/cms\/wp-json\/wp\/v2\/posts\/65\/revisions\/66"}],"wp:featuredmedia":[{"embeddable":true,"href":"https:\/\/www.kunsthaus-waeldchen.de\/cms\/wp-json\/wp\/v2\/media\/133"}],"wp:attachment":[{"href":"https:\/\/www.kunsthaus-waeldchen.de\/cms\/wp-json\/wp\/v2\/media?parent=65"}],"wp:term":[{"taxonomy":"category","embeddable":true,"href":"https:\/\/www.kunsthaus-waeldchen.de\/cms\/wp-json\/wp\/v2\/categories?post=65"},{"taxonomy":"post_tag","embeddable":true,"href":"https:\/\/www.kunsthaus-waeldchen.de\/cms\/wp-json\/wp\/v2\/tags?post=65"}],"curies":[{"name":"wp","href":"https:\/\/api.w.org\/{rel}","templated":true}]}}