{"id":61,"date":"2015-12-20T12:43:36","date_gmt":"2015-12-20T11:43:36","guid":{"rendered":"http:\/\/www.kunsthaus-waeldchen.de\/cms\/?p=61"},"modified":"2015-12-22T11:14:09","modified_gmt":"2015-12-22T10:14:09","slug":"begegnungen-ueber-grenzen","status":"publish","type":"post","link":"https:\/\/www.kunsthaus-waeldchen.de\/cms\/begegnungen-ueber-grenzen\/","title":{"rendered":"Begegnungen \u00fcber Grenzen"},"content":{"rendered":"<div id=\"pl-61\"  class=\"panel-layout\" ><div id=\"pg-61-0\"  class=\"panel-grid panel-no-style\" ><div id=\"pgc-61-0-0\"  class=\"panel-grid-cell\" ><div id=\"panel-61-0-0-0\" class=\"so-panel widget widget_sow-editor panel-first-child panel-last-child\" data-index=\"0\" ><div\n\t\t\t\n\t\t\tclass=\"so-widget-sow-editor so-widget-sow-editor-base\"\n\t\t\t\n\t\t>\n<div class=\"siteorigin-widget-tinymce textwidget\">\n\t<p><span style=\"font-size: 14pt;\"><strong>Begegnung \u00fcber Grenzen<\/strong><\/span><\/p>\n<p>Das Kunsthaus W\u00e4ldchen in Forst startet mit einem literarisch-musikalischen Rilke-Abend am 28.August 2010 um 20 Uhr eine Veranstaltungsreihe \u201eBegegnung \u00fcber Grenzen\u201c. In dieser Reihe sollen an ein bis zwei Terminen im Jahr grenz\u00fcberschreitende Themen in interdisziplin\u00e4ren Performances k\u00fcnstlerisch behandelt werden.<\/p>\n<p>Bereits im Jahr 2004 hat sich in einem Gr\u00fcndungsforum mit gleichnamigem Titel an dieser Stelle eine Gruppe von K\u00fcnstlern, Politikern, P\u00e4dagogen und \u00d6kologen zusammengefunden, die der Idee einer Begegnungsst\u00e4tte im Grenzland mitten in einer sich rasend entwickelnden grenzenlosen, globalen Welt folgten und einen ersten Grundstein legten.<\/p>\n<p>Das Kunsthaus W\u00e4ldchen beheimatet als ehemaliger Restbauernhof am Rande von Westerwald und Oberbergischen Land, auf der Grenze der L\u00e4nder Rheinland-Pfalz und Nordrhein-Westfalen eine freie Musikakademie, eine kulturelle Bildungswerkstatt, ein Atelier f\u00fcr k\u00fcnstlerische Projekte und einen Konzert- und Veranstaltungsort.<\/p>\n<p>Die beiden Gr\u00fcnder Dorothe R. Marzinzik und Daniel Diestelkamp haben sich als K\u00fcnstler auf dem Gebiet der Neuen Musik einen Namen gemacht und zahlreiche p\u00e4dagogische Projekte auch im Bereich der Erwachsenenbildung auf den Weg gebracht. In 2008 wurde ihr Weiterbildungskonzept \u201e\u00c4sthetisch-Musikalische Grundbildung\u201c mit dem Weiterbildungspreis des Landes Rheinland-Pfalz ausgezeichnet.<\/p>\n<p>In diesen Ans\u00e4tzen haben sich in mehrfacher Hinsicht Perspektiven f\u00fcr eine grenz\u00fcberschreitende, vernetzte Kulturarbeit entwickelt. Dies resultiert aus den disziplin\u00fcbergreifenden k\u00fcnstlerischen und p\u00e4dagogischen Arbeitsweisen, sowie aus der vorgefundenen lokalen Grenzsituation.<\/p>\n<p>In der Veranstaltungsreihe \u201e<em>Begegnung \u00fcber Grenzen<\/em>\u201c werden Begegnungen diverser Kunstsparten auf unterschiedliche Art- und Weise erm\u00f6glicht: Literatur trifft Musik, Kunst trifft Literatur und Musik trifft Bewegung. Auch ist an die Durchf\u00fchrung von Gespr\u00e4chsforen gedacht, die einen \u00f6ffentlich Diskurs \u00fcber grenzwertige und bedenkenswerte Zukunftsvisionen in Kultur und Gesellschaft erm\u00f6glichen k\u00f6nnen.<\/p>\n<\/div>\n<\/div><\/div><\/div><\/div><\/div>","protected":false},"excerpt":{"rendered":"<p>Begegnung \u00fcber GrenzenDas Kunsthaus W\u00e4ldchen in Forst startet mit einem literarisch-musikalischen Rilke-Abend am 28.August 2010 um 20 Uhr eine Veranstaltungsreihe \u201eBegegnung \u00fcber Grenzen\u201c. In dieser Reihe sollen an ein bis zwei Terminen im Jahr grenz\u00fcberschreitende Themen in interdisziplin\u00e4ren Performances k\u00fcnstlerisch&#8230; <a href=\"https:\/\/www.kunsthaus-waeldchen.de\/cms\/begegnungen-ueber-grenzen\/\" class=\"read-more\">mehr&#8230;<\/a><\/p>\n","protected":false},"author":1,"featured_media":135,"comment_status":"closed","ping_status":"open","sticky":false,"template":"","format":"standard","meta":{"ngg_post_thumbnail":0,"footnotes":""},"categories":[6],"tags":[],"_links":{"self":[{"href":"https:\/\/www.kunsthaus-waeldchen.de\/cms\/wp-json\/wp\/v2\/posts\/61"}],"collection":[{"href":"https:\/\/www.kunsthaus-waeldchen.de\/cms\/wp-json\/wp\/v2\/posts"}],"about":[{"href":"https:\/\/www.kunsthaus-waeldchen.de\/cms\/wp-json\/wp\/v2\/types\/post"}],"author":[{"embeddable":true,"href":"https:\/\/www.kunsthaus-waeldchen.de\/cms\/wp-json\/wp\/v2\/users\/1"}],"replies":[{"embeddable":true,"href":"https:\/\/www.kunsthaus-waeldchen.de\/cms\/wp-json\/wp\/v2\/comments?post=61"}],"version-history":[{"count":4,"href":"https:\/\/www.kunsthaus-waeldchen.de\/cms\/wp-json\/wp\/v2\/posts\/61\/revisions"}],"predecessor-version":[{"id":157,"href":"https:\/\/www.kunsthaus-waeldchen.de\/cms\/wp-json\/wp\/v2\/posts\/61\/revisions\/157"}],"wp:featuredmedia":[{"embeddable":true,"href":"https:\/\/www.kunsthaus-waeldchen.de\/cms\/wp-json\/wp\/v2\/media\/135"}],"wp:attachment":[{"href":"https:\/\/www.kunsthaus-waeldchen.de\/cms\/wp-json\/wp\/v2\/media?parent=61"}],"wp:term":[{"taxonomy":"category","embeddable":true,"href":"https:\/\/www.kunsthaus-waeldchen.de\/cms\/wp-json\/wp\/v2\/categories?post=61"},{"taxonomy":"post_tag","embeddable":true,"href":"https:\/\/www.kunsthaus-waeldchen.de\/cms\/wp-json\/wp\/v2\/tags?post=61"}],"curies":[{"name":"wp","href":"https:\/\/api.w.org\/{rel}","templated":true}]}}