{"id":405,"date":"2021-01-11T18:50:05","date_gmt":"2021-01-11T17:50:05","guid":{"rendered":"http:\/\/www.kunsthaus-waeldchen.de\/cms\/?p=405"},"modified":"2021-01-12T14:24:34","modified_gmt":"2021-01-12T13:24:34","slug":"kubiland","status":"publish","type":"post","link":"https:\/\/www.kunsthaus-waeldchen.de\/cms\/kubiland\/","title":{"rendered":"KuBi:Land"},"content":{"rendered":"<p><span style=\"font-size: 14pt;\">Ein Modellprojekt f\u00fcr Kita und Schule im Westerwald<\/span><\/p>\n<p><strong><em>Wir haben 2019\/2020 den Anfang gemacht:<\/em><\/strong> Grundschule <em>Mosaik <\/em>in Borod und Evangelische Kita <em>Purzelbaum <\/em>in Wahlrod.<\/p>\n<p><strong><em><span style=\"font-size: 18pt;\">Herzlich Willkommen<\/span> <span style=\"font-size: 14pt;\">an alle, die sich f\u00fcr KuBiLand interessieren und mitmachen wollen!&nbsp; <\/span><\/em><\/strong><span style=\"font-size: 14pt;\"><strong><em>siehe auch&nbsp; <a href=\"http:\/\/www.kubiland.de\">http:\/\/www.kubiland.de<\/a><\/em><\/strong><\/span><\/p>\n<p><span style=\"font-size: 14pt;\"><span style=\"font-size: 12pt;\">Schirmherr: Dr. Konrad Wolf (Minister f\u00fcr Kultur des Landes Rheinland-Pfalz)<\/span><br \/>\n<\/span><\/p>\n<p><strong><em>Ziel unseres Projektes ist es<\/em>, <\/strong>\u00fcber kulturelle Bildung eine soziale Erneuerung im Zusammenwirken und ein Vernetzen von Schule, Kita, Leben auf dem Dorf, in der Region und dar\u00fcber hinaus anzusto\u00dfen. Wir erweitern die Angebote und Formate des Kulturschaffens, um wachsenden Abschottungstendenzen in der Gesellschaft entgegentreten und er\u00f6ffnen \u00fcber die kulturelle Teilhabe Perspektiven f\u00fcr eine lebenswerte Zukunft auf dem Land. Zahlreiche k\u00fcnstlerische Workshops f\u00fcr Kinder werden flankiert von Fortbildungen, Coaching und Supervision f\u00fcr Erzieher*innen, Lehrer*innen und Eltern.<\/p>\n<p>Ansprechpartner:&nbsp; Daniel Diestelkamp (Kunsthaus W\u00e4ldchen)<\/p>\n","protected":false},"excerpt":{"rendered":"<p>Ein Modellprojekt f\u00fcr Kita und Schule im Westerwald Wir haben 2019\/2020 den Anfang gemacht: Grundschule Mosaik in Borod und Evangelische Kita Purzelbaum in Wahlrod. Herzlich Willkommen an alle, die sich f\u00fcr KuBiLand interessieren und mitmachen wollen!&nbsp; siehe auch&nbsp; http:\/\/www.kubiland.de Schirmherr:&#8230; <a href=\"https:\/\/www.kunsthaus-waeldchen.de\/cms\/kubiland\/\" class=\"read-more\">mehr&#8230;<\/a><\/p>\n","protected":false},"author":1,"featured_media":438,"comment_status":"closed","ping_status":"closed","sticky":false,"template":"","format":"standard","meta":{"ngg_post_thumbnail":0,"footnotes":""},"categories":[1],"tags":[28,29,27],"_links":{"self":[{"href":"https:\/\/www.kunsthaus-waeldchen.de\/cms\/wp-json\/wp\/v2\/posts\/405"}],"collection":[{"href":"https:\/\/www.kunsthaus-waeldchen.de\/cms\/wp-json\/wp\/v2\/posts"}],"about":[{"href":"https:\/\/www.kunsthaus-waeldchen.de\/cms\/wp-json\/wp\/v2\/types\/post"}],"author":[{"embeddable":true,"href":"https:\/\/www.kunsthaus-waeldchen.de\/cms\/wp-json\/wp\/v2\/users\/1"}],"replies":[{"embeddable":true,"href":"https:\/\/www.kunsthaus-waeldchen.de\/cms\/wp-json\/wp\/v2\/comments?post=405"}],"version-history":[{"count":7,"href":"https:\/\/www.kunsthaus-waeldchen.de\/cms\/wp-json\/wp\/v2\/posts\/405\/revisions"}],"predecessor-version":[{"id":436,"href":"https:\/\/www.kunsthaus-waeldchen.de\/cms\/wp-json\/wp\/v2\/posts\/405\/revisions\/436"}],"wp:featuredmedia":[{"embeddable":true,"href":"https:\/\/www.kunsthaus-waeldchen.de\/cms\/wp-json\/wp\/v2\/media\/438"}],"wp:attachment":[{"href":"https:\/\/www.kunsthaus-waeldchen.de\/cms\/wp-json\/wp\/v2\/media?parent=405"}],"wp:term":[{"taxonomy":"category","embeddable":true,"href":"https:\/\/www.kunsthaus-waeldchen.de\/cms\/wp-json\/wp\/v2\/categories?post=405"},{"taxonomy":"post_tag","embeddable":true,"href":"https:\/\/www.kunsthaus-waeldchen.de\/cms\/wp-json\/wp\/v2\/tags?post=405"}],"curies":[{"name":"wp","href":"https:\/\/api.w.org\/{rel}","templated":true}]}}