{"id":245,"date":"2016-01-17T14:00:56","date_gmt":"2016-01-17T13:00:56","guid":{"rendered":"http:\/\/www.kunsthaus-waeldchen.de\/cms\/?p=245"},"modified":"2016-01-17T14:00:56","modified_gmt":"2016-01-17T13:00:56","slug":"uebers-schneebeglaenzte-feld","status":"publish","type":"post","link":"https:\/\/www.kunsthaus-waeldchen.de\/cms\/uebers-schneebeglaenzte-feld\/","title":{"rendered":"&#8230;\u00fcbers schneebegl\u00e4nzte Feld&#8230;"},"content":{"rendered":"<p><strong>17.Januar 2016<\/strong><\/p>\n<p>Die zweij\u00e4hrige Multiplikatoren-Weiterbildung <em><strong>\u00c4sthetisch-Musikalische Grundbildung, Neue Konzepte musischer Erziehung<\/strong><\/em> hat mit Erzieherinnen aus f\u00fcnf verschiedenen Kitas der Regionen Altenkirchen und Westerwald begonnen. Mit hoch engagierten, offenen und begeisterten Teilnehmerinnen, mit viel Singen und Spielen&#8230;mitten im Schnee&#8230;<\/p>\n","protected":false},"excerpt":{"rendered":"<p>17.Januar 2016 Die zweij\u00e4hrige Multiplikatoren-Weiterbildung \u00c4sthetisch-Musikalische Grundbildung, Neue Konzepte musischer Erziehung hat mit Erzieherinnen aus f\u00fcnf verschiedenen Kitas der Regionen Altenkirchen und Westerwald begonnen. Mit hoch engagierten, offenen und begeisterten Teilnehmerinnen, mit viel Singen und Spielen&#8230;mitten im Schnee&#8230;<\/p>\n","protected":false},"author":1,"featured_media":246,"comment_status":"closed","ping_status":"closed","sticky":false,"template":"","format":"standard","meta":{"ngg_post_thumbnail":0,"footnotes":""},"categories":[16],"tags":[18,17],"_links":{"self":[{"href":"https:\/\/www.kunsthaus-waeldchen.de\/cms\/wp-json\/wp\/v2\/posts\/245"}],"collection":[{"href":"https:\/\/www.kunsthaus-waeldchen.de\/cms\/wp-json\/wp\/v2\/posts"}],"about":[{"href":"https:\/\/www.kunsthaus-waeldchen.de\/cms\/wp-json\/wp\/v2\/types\/post"}],"author":[{"embeddable":true,"href":"https:\/\/www.kunsthaus-waeldchen.de\/cms\/wp-json\/wp\/v2\/users\/1"}],"replies":[{"embeddable":true,"href":"https:\/\/www.kunsthaus-waeldchen.de\/cms\/wp-json\/wp\/v2\/comments?post=245"}],"version-history":[{"count":2,"href":"https:\/\/www.kunsthaus-waeldchen.de\/cms\/wp-json\/wp\/v2\/posts\/245\/revisions"}],"predecessor-version":[{"id":248,"href":"https:\/\/www.kunsthaus-waeldchen.de\/cms\/wp-json\/wp\/v2\/posts\/245\/revisions\/248"}],"wp:featuredmedia":[{"embeddable":true,"href":"https:\/\/www.kunsthaus-waeldchen.de\/cms\/wp-json\/wp\/v2\/media\/246"}],"wp:attachment":[{"href":"https:\/\/www.kunsthaus-waeldchen.de\/cms\/wp-json\/wp\/v2\/media?parent=245"}],"wp:term":[{"taxonomy":"category","embeddable":true,"href":"https:\/\/www.kunsthaus-waeldchen.de\/cms\/wp-json\/wp\/v2\/categories?post=245"},{"taxonomy":"post_tag","embeddable":true,"href":"https:\/\/www.kunsthaus-waeldchen.de\/cms\/wp-json\/wp\/v2\/tags?post=245"}],"curies":[{"name":"wp","href":"https:\/\/api.w.org\/{rel}","templated":true}]}}